{"id":2111,"date":"2021-05-22T13:38:00","date_gmt":"2021-05-22T10:38:00","guid":{"rendered":"https:\/\/www.arhavim.net\/arhavim\/?p=2111"},"modified":"2022-06-24T14:10:46","modified_gmt":"2022-06-24T11:10:46","slug":"savsattan-karsa-1-bolum","status":"publish","type":"post","link":"https:\/\/www.arhavim.net\/arhavim\/savsattan-karsa-1-bolum\/","title":{"rendered":"\u015eav\u015fat&#8217;tan Kars&#8217;a 1. b\u00f6l\u00fcm"},"content":{"rendered":"\n<figure class=\"wp-block-embed is-type-video is-provider-youtube wp-block-embed-youtube wp-embed-aspect-16-9 wp-has-aspect-ratio\"><div class=\"wp-block-embed__wrapper\">\n<iframe loading=\"lazy\" title=\"\u015eav\u015fat&#039;tan Kars&#039;a 1. b\u00f6l\u00fcm ( \u015eav\u015fat)\" width=\"500\" height=\"281\" src=\"https:\/\/www.youtube.com\/embed\/94hTCBlWiAg?feature=oembed\" frameborder=\"0\" allow=\"accelerometer; autoplay; clipboard-write; encrypted-media; gyroscope; picture-in-picture; web-share\" referrerpolicy=\"strict-origin-when-cross-origin\" allowfullscreen><\/iframe>\n<\/div><\/figure>\n\n\n\n<p>Artvin ve Kars ilimizin do\u011fal g\u00fczelliklerini ve tarihi dokular\u0131n\u0131 k\u0131smen de olsa g\u00f6r\u00fcnt\u00fclemeye \u00e7al\u0131\u015ft\u0131k. Amac\u0131m\u0131z bu t\u00fcr gezi yapacak arkada\u015flara birazc\u0131k yard\u0131mc\u0131 olabilmektir..<br>G\u00fczergah\u0131m\u0131z, Artvin &#8211; \u015eav\u015fat &#8211; \u015eav\u015fat Me\u015feli&nbsp;K\u00f6y &#8211; \u015eav\u015fat Karag\u00f6l &#8211; \u015eav\u015fat Yavuz K\u00f6y &#8211; Ardahan &#8211; Kars &#8211; Ani \u00d6ren Yeri (Ani Harabeleri) &#8211; \u00c7\u0131ld\u0131r G\u00f6l\u00fc &#8211; Ardahan &#8211; Ardanu\u00e7 ve Artvin&#8217;e geri d\u00f6n\u00fc\u015f..<br>Gitti\u011finiz yerlerde sadece ayak izinizi b\u0131rakman\u0131z dile\u011fi ile ..<br>\u0130yi gezmeler.<\/p>\n","protected":false},"excerpt":{"rendered":"<p>Artvin ve Kars ilimizin do\u011fal g\u00fczelliklerini ve tarihi dokular\u0131n\u0131 k\u0131smen de olsa g\u00f6r\u00fcnt\u00fclemeye \u00e7al\u0131\u015ft\u0131k. Amac\u0131m\u0131z bu t\u00fcr gezi yapacak arkada\u015flara birazc\u0131k yard\u0131mc\u0131 olabilmektir..G\u00fczergah\u0131m\u0131z, Artvin &#8211; \u015eav\u015fat &#8211; \u015eav\u015fat Me\u015feli&nbsp;K\u00f6y &#8211; \u015eav\u015fat Karag\u00f6l &#8211; \u015eav\u015fat Yavuz K\u00f6y &#8211; Ardahan &#8211; Kars &#8211; Ani \u00d6ren Yeri (Ani Harabeleri) &#8211; \u00c7\u0131ld\u0131r G\u00f6l\u00fc &#8211; Ardahan &#8211; Ardanu\u00e7 ve Artvin&#8217;e [&hellip;]<\/p>\n","protected":false},"author":1,"featured_media":2112,"comment_status":"open","ping_status":"open","sticky":false,"template":"","format":"standard","meta":{"footnotes":""},"categories":[9,121],"tags":[],"class_list":["post-2111","post","type-post","status-publish","format-standard","has-post-thumbnail","hentry","category-videohaber","category-video-galeri"],"_links":{"self":[{"href":"https:\/\/www.arhavim.net\/arhavim\/wp-json\/wp\/v2\/posts\/2111","targetHints":{"allow":["GET"]}}],"collection":[{"href":"https:\/\/www.arhavim.net\/arhavim\/wp-json\/wp\/v2\/posts"}],"about":[{"href":"https:\/\/www.arhavim.net\/arhavim\/wp-json\/wp\/v2\/types\/post"}],"author":[{"embeddable":true,"href":"https:\/\/www.arhavim.net\/arhavim\/wp-json\/wp\/v2\/users\/1"}],"replies":[{"embeddable":true,"href":"https:\/\/www.arhavim.net\/arhavim\/wp-json\/wp\/v2\/comments?post=2111"}],"version-history":[{"count":2,"href":"https:\/\/www.arhavim.net\/arhavim\/wp-json\/wp\/v2\/posts\/2111\/revisions"}],"predecessor-version":[{"id":2114,"href":"https:\/\/www.arhavim.net\/arhavim\/wp-json\/wp\/v2\/posts\/2111\/revisions\/2114"}],"wp:featuredmedia":[{"embeddable":true,"href":"https:\/\/www.arhavim.net\/arhavim\/wp-json\/wp\/v2\/media\/2112"}],"wp:attachment":[{"href":"https:\/\/www.arhavim.net\/arhavim\/wp-json\/wp\/v2\/media?parent=2111"}],"wp:term":[{"taxonomy":"category","embeddable":true,"href":"https:\/\/www.arhavim.net\/arhavim\/wp-json\/wp\/v2\/categories?post=2111"},{"taxonomy":"post_tag","embeddable":true,"href":"https:\/\/www.arhavim.net\/arhavim\/wp-json\/wp\/v2\/tags?post=2111"}],"curies":[{"name":"wp","href":"https:\/\/api.w.org\/{rel}","templated":true}]}}