{"id":2485,"date":"2022-06-15T09:29:18","date_gmt":"2022-06-15T06:29:18","guid":{"rendered":"https:\/\/www.arhavim.net\/arhavim\/?p=2485"},"modified":"2022-06-15T09:29:21","modified_gmt":"2022-06-15T06:29:21","slug":"cay-ureticilerinden-budama-bedeli-talebi","status":"publish","type":"post","link":"https:\/\/www.arhavim.net\/arhavim\/cay-ureticilerinden-budama-bedeli-talebi\/","title":{"rendered":"\u00c7ay \u00fcreticilerinden budama bedeli talebi"},"content":{"rendered":"\n<p>\u00c7ay \u00dcreticileri Dayan\u0131\u015fma Derne\u011fi (\u00c7AY\u00dcDAD) Ba\u015fkan\u0131 Mustafa Mavi, ya\u015f \u00e7ay budama bedellerinin Kurban Bayram\u0131 \u00f6ncesinde \u00f6denmesi durumunda \u00fcreticinin y\u00fcz\u00fcn\u00fcn g\u00fclece\u011fini s\u00f6yledi.<\/p>\n\n\n\n<p>\u00c7AY\u00dcDAD Ba\u015fkan\u0131 Mustafa Mavi, 2022 y\u0131l\u0131 budama d\u00f6neminde yakla\u015f\u0131k 200 bin \u00fcreticinin 112 bin dekar alanda budama yapt\u0131\u011f\u0131n\u0131 s\u00f6yledi. \u00dcreticilere yap\u0131lacak olan 750 milyon TL&#8217;lik \u00f6demenin Kurban Bayram\u0131 \u00f6ncesinde \u00fcreticilere \u00f6denmesi durumunda ya\u015f \u00e7ay \u00fcreticilerinin bayrama daha rahat gireceklerini belirtti. Ya\u015f \u00e7ay\u0131n birinci s\u00fcrg\u00fcn\u00fcnde \u00f6zel sekt\u00f6r\u00fcn \u00c7AYKUR&#8217;un \u00fczerinde taban fiyat\u0131 vererek al\u0131m ger\u00e7ekle\u015ftirmesi ve pe\u015fin al\u0131mlar yapmas\u0131n\u0131n \u00fcreticileri memnun etti\u011fini ve bir daha ki s\u00fcrg\u00fcnde ayn\u0131 al\u0131m \u015feklinin yap\u0131lmas\u0131n\u0131 beklediklerini ifadede etti.<\/p>\n\n\n\n<p>Yava\u015f yava\u015f s\u00fcrg\u00fcn d\u00f6neminin sonuna yakla\u015ft\u0131klar\u0131n\u0131 ve \u00c7AYKUR\u2019un da May\u0131s ay\u0131 ya\u015f \u00e7ay bedellerini bu ay\u0131n sonunda ger\u00e7ekle\u015ftirecek olmas\u0131 dolay\u0131s\u0131yla \u00fcreticilerin bayrama daha huzurlu gireceklerini belirten Mavi, ya\u015f \u00e7ay budama bedellerinin bayram \u00f6ncesi \u00f6denmesi halinde ise \u00fcreticilerin \u00e7ok daha iyi bir bayram ge\u00e7irece\u011fini ifade etti.<\/p>\n\n\n\n<p>Hasan Fehmi Demir<br>R\u0130ZE (\u0130HA)<\/p>\n","protected":false},"excerpt":{"rendered":"<p>\u00c7ay \u00dcreticileri Dayan\u0131\u015fma Derne\u011fi (\u00c7AY\u00dcDAD) Ba\u015fkan\u0131 Mustafa Mavi, ya\u015f \u00e7ay budama bedellerinin Kurban Bayram\u0131 \u00f6ncesinde \u00f6denmesi durumunda \u00fcreticinin y\u00fcz\u00fcn\u00fcn g\u00fclece\u011fini s\u00f6yledi. \u00c7AY\u00dcDAD Ba\u015fkan\u0131 Mustafa Mavi, 2022 y\u0131l\u0131 budama d\u00f6neminde yakla\u015f\u0131k 200 bin \u00fcreticinin 112 bin dekar alanda budama yapt\u0131\u011f\u0131n\u0131 s\u00f6yledi. \u00dcreticilere yap\u0131lacak olan 750 milyon TL&#8217;lik \u00f6demenin Kurban Bayram\u0131 \u00f6ncesinde \u00fcreticilere \u00f6denmesi durumunda ya\u015f \u00e7ay [&hellip;]<\/p>\n","protected":false},"author":15,"featured_media":2486,"comment_status":"open","ping_status":"open","sticky":false,"template":"","format":"standard","meta":{"footnotes":""},"categories":[32],"tags":[],"class_list":["post-2485","post","type-post","status-publish","format-standard","has-post-thumbnail","hentry","category-karadeniz"],"_links":{"self":[{"href":"https:\/\/www.arhavim.net\/arhavim\/wp-json\/wp\/v2\/posts\/2485","targetHints":{"allow":["GET"]}}],"collection":[{"href":"https:\/\/www.arhavim.net\/arhavim\/wp-json\/wp\/v2\/posts"}],"about":[{"href":"https:\/\/www.arhavim.net\/arhavim\/wp-json\/wp\/v2\/types\/post"}],"author":[{"embeddable":true,"href":"https:\/\/www.arhavim.net\/arhavim\/wp-json\/wp\/v2\/users\/15"}],"replies":[{"embeddable":true,"href":"https:\/\/www.arhavim.net\/arhavim\/wp-json\/wp\/v2\/comments?post=2485"}],"version-history":[{"count":1,"href":"https:\/\/www.arhavim.net\/arhavim\/wp-json\/wp\/v2\/posts\/2485\/revisions"}],"predecessor-version":[{"id":2487,"href":"https:\/\/www.arhavim.net\/arhavim\/wp-json\/wp\/v2\/posts\/2485\/revisions\/2487"}],"wp:featuredmedia":[{"embeddable":true,"href":"https:\/\/www.arhavim.net\/arhavim\/wp-json\/wp\/v2\/media\/2486"}],"wp:attachment":[{"href":"https:\/\/www.arhavim.net\/arhavim\/wp-json\/wp\/v2\/media?parent=2485"}],"wp:term":[{"taxonomy":"category","embeddable":true,"href":"https:\/\/www.arhavim.net\/arhavim\/wp-json\/wp\/v2\/categories?post=2485"},{"taxonomy":"post_tag","embeddable":true,"href":"https:\/\/www.arhavim.net\/arhavim\/wp-json\/wp\/v2\/tags?post=2485"}],"curies":[{"name":"wp","href":"https:\/\/api.w.org\/{rel}","templated":true}]}}