{"id":2815,"date":"2020-06-25T14:30:00","date_gmt":"2020-06-25T11:30:00","guid":{"rendered":"https:\/\/www.arhavim.net\/arhavim\/?p=2815"},"modified":"2022-06-26T12:56:07","modified_gmt":"2022-06-26T09:56:07","slug":"derecik-sidere","status":"publish","type":"post","link":"https:\/\/www.arhavim.net\/arhavim\/derecik-sidere\/","title":{"rendered":"Derecik ( S\u0130DERE )"},"content":{"rendered":"\n<p>Derecik k\u00f6y\u00fcn\u00fcn eski ad\u0131 Sidra \/ Sidere&#8217;dir. Yunanca bir yer ad\u0131 olan Sidra, &#8220;demirk\u00f6y&#8221; anlam\u0131na gelir. 1876 tarihli Trabzon vilayeti salnamesi ile 1928 tarihli Osmanl\u0131ca k\u00f6y listesinde de k\u00f6y\u00fcn ad\u0131 Sidra \/ Sidere (\u0633\u06cc\u062f\u0631\u06d5) olarak ge\u00e7er.<\/p>\n\n\n\n<p>Sidra \/ Sidere ad\u0131 &#8220;yabanc\u0131 k\u00f6kten geldi\u011fi&#8221; i\u00e7in 1959 y\u0131l\u0131nda 7267 say\u0131l\u0131 kanunla Derecik olarak de\u011fi\u015ftirilmi\u015ftir. Bununla birlikte Sidere ad\u0131 k\u00f6y\u00fcn yeni ad\u0131yla birlikte bir s\u00fcre daha resmi kay\u0131tlarda &#8220;Derecik (<em>Sidere<\/em>)&#8221; bi\u00e7iminde kullan\u0131lm\u0131\u015ft\u0131r.<\/p>\n\n\n\n<p>Artvin il merkezine 88&nbsp;km, Arhavi il\u00e7esine 12&nbsp;km uzakl\u0131ktad\u0131r.<\/p>\n\n\n\n<figure id=\"mwKg\" class=\"wp-block-table\"><table><tbody><tr><th><strong>K\u00f6y\u00fcn Altyap\u0131 Bilgileri<\/strong> (2013)<\/th><\/tr><tr><\/tr><tr><td>Sa\u011fl\u0131k Evi<\/td><td>Sa\u011fl\u0131k Oca\u011f\u0131<\/td><td>\u0130lk\u00f6\u011fretim Okulu<\/td><td>PTT \u015eubesi<\/td><td>PTT Acentesi<\/td><td>Su \u015eebekesi<\/td><td>Kanalizasyon<\/td><\/tr><tr><td>Yok<\/td><td>Var<\/td><td>Var\/Faal De\u011fil<\/td><td>Yok<\/td><td>Yok<\/td><td>Var<\/td><td>Yok<\/td><\/tr><\/tbody><\/table><\/figure>\n\n\n\n<figure id=\"mwEA\" class=\"wp-block-table\"><table><tbody><tr><th>Y\u0131llara g\u00f6re k\u00f6y n\u00fcfus verileri<\/th><\/tr><tr><th>Y\u0131l<\/th><th>N\u00fcfus<\/th><\/tr><tr><td>1985<\/td><td>545<\/td><\/tr><tr><td>1990<\/td><td>446<\/td><\/tr><tr><td>2000<\/td><td>249<\/td><\/tr><tr><td>2010<\/td><td>64<\/td><\/tr><tr><td>2020<\/td><td>97<\/td><\/tr><\/tbody><\/table><\/figure>\n\n\n\n<p><\/p>\n\n\n\n<p><\/p>\n","protected":false},"excerpt":{"rendered":"<p>Derecik k\u00f6y\u00fcn\u00fcn eski ad\u0131 Sidra \/ Sidere&#8217;dir. Yunanca bir yer ad\u0131 olan Sidra, &#8220;demirk\u00f6y&#8221; anlam\u0131na gelir. 1876 tarihli Trabzon vilayeti salnamesi ile 1928 tarihli Osmanl\u0131ca k\u00f6y listesinde de k\u00f6y\u00fcn ad\u0131 Sidra \/ Sidere (\u0633\u06cc\u062f\u0631\u06d5) olarak ge\u00e7er. Sidra \/ Sidere ad\u0131 &#8220;yabanc\u0131 k\u00f6kten geldi\u011fi&#8221; i\u00e7in 1959 y\u0131l\u0131nda 7267 say\u0131l\u0131 kanunla Derecik olarak de\u011fi\u015ftirilmi\u015ftir. Bununla birlikte Sidere [&hellip;]<\/p>\n","protected":false},"author":15,"featured_media":2816,"comment_status":"open","ping_status":"open","sticky":false,"template":"","format":"standard","meta":{"footnotes":""},"categories":[361],"tags":[],"class_list":["post-2815","post","type-post","status-publish","format-standard","has-post-thumbnail","hentry","category-koylerimiz"],"_links":{"self":[{"href":"https:\/\/www.arhavim.net\/arhavim\/wp-json\/wp\/v2\/posts\/2815","targetHints":{"allow":["GET"]}}],"collection":[{"href":"https:\/\/www.arhavim.net\/arhavim\/wp-json\/wp\/v2\/posts"}],"about":[{"href":"https:\/\/www.arhavim.net\/arhavim\/wp-json\/wp\/v2\/types\/post"}],"author":[{"embeddable":true,"href":"https:\/\/www.arhavim.net\/arhavim\/wp-json\/wp\/v2\/users\/15"}],"replies":[{"embeddable":true,"href":"https:\/\/www.arhavim.net\/arhavim\/wp-json\/wp\/v2\/comments?post=2815"}],"version-history":[{"count":2,"href":"https:\/\/www.arhavim.net\/arhavim\/wp-json\/wp\/v2\/posts\/2815\/revisions"}],"predecessor-version":[{"id":2818,"href":"https:\/\/www.arhavim.net\/arhavim\/wp-json\/wp\/v2\/posts\/2815\/revisions\/2818"}],"wp:featuredmedia":[{"embeddable":true,"href":"https:\/\/www.arhavim.net\/arhavim\/wp-json\/wp\/v2\/media\/2816"}],"wp:attachment":[{"href":"https:\/\/www.arhavim.net\/arhavim\/wp-json\/wp\/v2\/media?parent=2815"}],"wp:term":[{"taxonomy":"category","embeddable":true,"href":"https:\/\/www.arhavim.net\/arhavim\/wp-json\/wp\/v2\/categories?post=2815"},{"taxonomy":"post_tag","embeddable":true,"href":"https:\/\/www.arhavim.net\/arhavim\/wp-json\/wp\/v2\/tags?post=2815"}],"curies":[{"name":"wp","href":"https:\/\/api.w.org\/{rel}","templated":true}]}}