{"id":3895,"date":"2026-03-29T21:46:43","date_gmt":"2026-03-29T18:46:43","guid":{"rendered":"https:\/\/www.arhavim.net\/arhavim\/?p=3895"},"modified":"2026-03-29T22:04:25","modified_gmt":"2026-03-29T19:04:25","slug":"yilin-baris-insani-odulune-layik-goruldu","status":"publish","type":"post","link":"https:\/\/www.arhavim.net\/arhavim\/yilin-baris-insani-odulune-layik-goruldu\/","title":{"rendered":"Akif Manaf\u201cY\u0131l\u0131n Bar\u0131\u015f \u0130nsan\u0131\u201d \u00d6d\u00fcl\u00fcne lay\u0131k g\u00f6r\u00fcld\u00fc"},"content":{"rendered":"\n<p>Akif Manaf \u201cBar\u0131\u015f ve \u0130nsan Haklar\u0131 \u00d6d\u00fcl\u00fc\u201d ile Onurland\u0131r\u0131ld\u0131<\/p>\n\n\n\n<p>International Peace Prize \u00f6d\u00fcll\u00fc, Nobel Bar\u0131\u015f \u00d6d\u00fcl\u00fc aday\u0131 ve bar\u0131\u015f aktivisti, d\u00fcnyaca \u00fcnl\u00fc yazar Akif Manaf, d\u00fcnya bar\u0131\u015f\u0131na y\u00f6nelik \u00f6nemli katk\u0131lar\u0131 ve bu y\u00f6ndeki gayretleri nedeniyle T\u00fcrkmeneli \u0130nsan Haklar\u0131 Derne\u011fi taraf\u0131ndan \u201cBar\u0131\u015f ve \u0130nsan Haklar\u0131\u201d \u00d6d\u00fcl\u00fc\u2019ne lay\u0131k g\u00f6r\u00fcld\u00fc. \u00d6d\u00fcl, T\u00fcrkmeneli \u0130nsan Haklar\u0131 Derne\u011fi Ba\u015fkan\u0131 Say\u0131n Sava\u015f Avc\u0131 taraf\u0131ndan takdim edildi.<br>Manaf\u2019a T\u00fcm D\u00fcnyadan B\u00fcy\u00fck Takdir<br>Akif Manaf Fransa merkezli Uluslararas\u0131 Bar\u0131\u015f Assosiasyonu taraf\u0131ndan 2025 International Peace Prize \u00f6d\u00fcl\u00fc ve \u0130sve\u00e7\u2019ten Global Peace Prize \u00f6d\u00fcllerine lay\u0131k bulunmu\u015ftu. Bunun yan\u0131 s\u0131ra Manaf\u2019a, T\u00fcrkiye\u2019den Egey\u00f6n Bar\u0131\u015f \u00d6d\u00fcl\u00fc, Do\u011fayla Bar\u0131\u015f \u00d6d\u00fcl\u00fc, K\u00fcresel Bar\u0131\u015f \u00d6d\u00fcl\u00fc, Y\u0131l\u0131n Bar\u0131\u015f \u0130nsan\u0131 \u00d6d\u00fcl\u00fc ve Bar\u0131\u015f Sanat\u0131 \u00f6d\u00fclleri takdim edilmi\u015fti.<br>Akif Manaf: \u201cE\u011fer \u00dc\u00e7\u00fcnc\u00fc D\u00fcnya Sava\u015f\u0131 Ger\u00e7ekle\u015firse, Bu N\u00fckleer Bir Sava\u015f Olacak.\u201d<br>\u00d6d\u00fcl\u00fcn takdiminde konu\u015fan Akif Manaf \u015fu ifadeleri kulland\u0131:<br>\u201cBar\u0131\u015f \u00e7al\u0131\u015fmalar\u0131 kapsam\u0131nda d\u00fcnyan\u0131n d\u00f6rt bir yan\u0131na gidiyoruz ve g\u00f6r\u00fcyoruz ki d\u00fcnyan\u0131n bir\u00e7ok yerinde \u00e7ok say\u0131da insan bar\u0131\u015f istiyor. Bilindi\u011fi \u00fczere \u00dc\u00e7\u00fcnc\u00fc D\u00fcnya Sava\u015f\u0131\u2019n\u0131n tam e\u015fi\u011findeyiz. E\u011fer \u00dc\u00e7\u00fcnc\u00fc D\u00fcnya Sava\u015f\u0131 ger\u00e7ekle\u015firse, bu n\u00fckleer bir sava\u015f olacak. Bu, t\u00fcm kazan\u0131mlar\u0131m\u0131z\u0131n ve uygarl\u0131\u011f\u0131n sonu anlam\u0131na geliyor. \u0130\u015fte tam da bu nedenle d\u00fcnyada k\u00fcresel bar\u0131\u015f\u0131n tesis edilmesi kapsam\u0131ndaki \u00e7al\u0131\u015fmalar hayati bir \u00f6neme sahip. Bu aciliyet ve \u00f6nemin fark\u0131nda olarak k\u00fcresel bar\u0131\u015f alan\u0131ndaki somut projelerden olu\u015fan \u00e7al\u0131\u015fmalar\u0131m\u0131za h\u0131z kesmeden devam ediyoruz.\u201d<br>Manaf\u2019tan K\u00fcresel Bar\u0131\u015f Ad\u0131na Somut Projeler<br>D\u00fcnyaca \u00fcnl\u00fc yazar Akif Manaf\u2019\u0131n k\u00fcresel bar\u0131\u015f alan\u0131ndaki \u00e7al\u0131\u015fmalar\u0131n\u0131n en ay\u0131rt edici \u00f6zelli\u011fi, bu \u00e7al\u0131\u015fmalar\u0131n yaln\u0131zca teorik s\u00f6ylemlerle s\u0131n\u0131rl\u0131 kalmay\u0131p somut bar\u0131\u015f projeleri olarak hayata ge\u00e7iyor olmas\u0131 olarak \u00f6ne \u00e7\u0131k\u0131yor.<br>D\u00fcnyay\u0131 Kar\u0131\u015f Kar\u0131\u015f Gezerek Bar\u0131\u015f\u0131 Anlatan Bir Bar\u0131\u015f El\u00e7isi<br>D\u00fcnyaca \u00fcnl\u00fc yazar, k\u00fcresel bar\u0131\u015f \u00e7al\u0131\u015fmalar\u0131 kapsam\u0131nda, ba\u015fta Bar\u0131\u015f Psikolojisi kitab\u0131n\u0131n yay\u0131mland\u0131\u011f\u0131 \u00fclkeler olmak \u00fczere d\u00fcnyan\u0131n bir\u00e7ok \u00fclkesini ziyaret ediyor; kitap fuarlar\u0131, s\u00f6yle\u015filer ve seminerler arac\u0131l\u0131\u011f\u0131yla geni\u015f kitlelerle bulu\u015fuyor. Bu yakla\u015f\u0131m, k\u00fcresel bar\u0131\u015f alan\u0131nda \u00f6zg\u00fcn ve dikkat \u00e7ekici bir model olarak \u00f6ne \u00e7\u0131k\u0131yor.<br>20\u2019ye Yak\u0131n Dilde Yay\u0131mlanan Bir Bar\u0131\u015f K\u0131lavuzu: Bar\u0131\u015f Psikolojisi<br>Manaf\u2019\u0131n bar\u0131\u015f \u00e7al\u0131\u015fmalar\u0131n\u0131n oda\u011f\u0131nda yer alan Bar\u0131\u015f Psikolojisi kitab\u0131, \u0130ngilizce, Frans\u0131zca, Almanca, \u0130spanyolca, Norve\u00e7\u00e7e, Arap\u00e7a, T\u00fcrk\u00e7e, Hollandaca, Yunanca, Hint\u00e7e, \u0130talyanca, Japonca, K\u00fcrt\u00e7e, \u0130sve\u00e7\u00e7e ve Rus\u00e7a olmak \u00fczere \u015fimdiye dek 20\u2019ye yak\u0131n dilde yay\u0131mland\u0131. Kitab\u0131n yak\u0131n gelecekte Fince, Danca, \u00c7ince, Azerice ve Korece olarak yay\u0131mlanaca\u011f\u0131 al\u0131nan bilgiler aras\u0131nda. Kitap i\u00e7sel bar\u0131\u015ftan k\u00fcresel bar\u0131\u015fa uzanan yolu anlatan bir bar\u0131\u015f k\u0131lavuzu niteli\u011fi ta\u015f\u0131yor. Kitab\u0131n t\u00fcm d\u00fcnya dillerinde yay\u0131mlanmas\u0131 hedefleniyor.<\/p>\n\n\n\n<p>Ekolojik ve S\u00fcrd\u00fcr\u00fclebilir Bir Yerle\u015fim Modeli: Bar\u0131\u015f \u0130\u00e7inde Sa\u011fl\u0131kl\u0131 Ya\u015fam K\u00f6y\u00fc<br>Manaf\u2019\u0131n k\u00fcresel bar\u0131\u015f \u00e7al\u0131\u015fmalar\u0131 kapsam\u0131nda Sa\u011fl\u0131kl\u0131 Ya\u015fam Vakf\u0131 Ba\u015fkan\u0131 olarak \u00f6nc\u00fcl\u00fck etti\u011fi somut projeler aras\u0131nda en dikkat \u00e7ekenlerinden biri do\u011fayla uyumlu ve kendi kendine yeten \u201cBar\u0131\u015f \u0130\u00e7inde Sa\u011fl\u0131kl\u0131 Ya\u015fam K\u00f6y\u00fc Projesi\u201d olarak \u00f6ne \u00e7\u0131k\u0131yor. Ekolojik ve s\u00fcrd\u00fcr\u00fclebilir bir ya\u015fam anlay\u0131\u015f\u0131n\u0131 temel alan projede enerji ihtiyac\u0131 yenilenebilir kaynaklardan kar\u015f\u0131lan\u0131yor ve \u00e7evre dostu bir altyap\u0131 kuruluyor. Ayr\u0131ca k\u00fct\u00fck evler, ekolojik tar\u0131m uygulamalar\u0131, ar\u0131c\u0131l\u0131k faaliyetleri, biyolojik \u00e7e\u015fitlili\u011fin korunmas\u0131, sa\u011fl\u0131kl\u0131 g\u0131da \u00fcretimi, s\u00fcrd\u00fcr\u00fclebilir at\u0131k y\u00f6netimi de projenin temel bile\u015fenleri aras\u0131nda yer al\u0131yor. Projenin en ayr\u0131cal\u0131kl\u0131 y\u00f6nlerinden birisi de Bar\u0131\u015f \u0130\u00e7inde Sa\u011fl\u0131kl\u0131 Ya\u015fam K\u00f6y\u00fc\u2019nde bireylere sunulmak \u00fczere Bar\u0131\u015f Sanat\u0131 Program\u0131\u2019n\u0131n yer al\u0131yor olmas\u0131.<br>Bar\u0131\u015f Fark\u0131ndal\u0131\u011f\u0131 i\u00e7in Bar\u0131\u015f Sanat\u0131 Program\u0131<br>Manaf\u2019\u0131n kurucusu oldu\u011fu D\u00fcnya De\u011fi\u015fim Akademisi \u00e7at\u0131s\u0131 alt\u0131nda \u00f6nc\u00fcl\u00fck etti\u011fi \u201cBar\u0131\u015f Sanat\u0131\u201d Program\u0131 ve 200\u2019\u00fc a\u015fk\u0131n bar\u0131\u015f temelli de\u011fi\u015fim program\u0131 arac\u0131l\u0131\u011f\u0131yla, bireylerde bar\u0131\u015f fark\u0131ndal\u0131\u011f\u0131n\u0131n geli\u015ftirilmesi ve art\u0131r\u0131lmas\u0131 ama\u00e7lan\u0131yor. Program, bireylerin hem i\u00e7sel bar\u0131\u015f\u0131 geli\u015ftirmelerini hem de bar\u0131\u015f\u00e7\u0131l bir ya\u015fam anlay\u0131\u015f\u0131n\u0131 pratik olarak hayata ge\u00e7irmelerini sa\u011fl\u0131yor. Akif Manaf\u2019\u0131n rehberli\u011finde geli\u015ftirilen bu program, bireylerde bar\u0131\u015f bilincinin y\u00fckselmesinde ve i\u00e7sel bar\u0131\u015ftan k\u00fcresel bar\u0131\u015fa uzanan d\u00f6n\u00fc\u015f\u00fcm s\u00fcrecinin ger\u00e7ekle\u015fmesinde temel bir rol oynuyor.<br>K\u00fcresel Bir Bar\u0131\u015f Hareketi: World Change Day for Sustainable Peace (S\u00fcrd\u00fcr\u00fclebilir Bar\u0131\u015f i\u00e7in D\u00fcnya De\u011fi\u015fim G\u00fcn\u00fc)<br>Akif Manaf, Uluslararas\u0131 De\u011fi\u015fim Federasyonu\u2019nun ba\u015fkan\u0131 olarak 2018 y\u0131l\u0131nda ilan edilen ve her y\u0131l 7 Temmuz\u2019da d\u00fcnya genelinde kutlanan \u201cWorld Change Day for Sustainable Peace\u201d (S\u00fcrd\u00fcr\u00fclebilir Bar\u0131\u015f i\u00e7in D\u00fcnya De\u011fi\u015fim G\u00fcn\u00fc) giri\u015fiminin \u00f6nc\u00fcs\u00fc olarak dikkat \u00e7ekiyor. \u201cBar\u0131\u015f i\u00e7in De\u011fi\u015fim\u201d temas\u0131n\u0131 oda\u011fa alan bu \u00f6zel g\u00fcn, farkl\u0131 \u00fclkelerden bireyleri ve kurumlar\u0131 ortak bir bar\u0131\u015f vizyonu etraf\u0131nda bir araya getiriyor. Giri\u015fim, k\u00fcresel bar\u0131\u015f alan\u0131nda kolektif bilincin g\u00fc\u00e7lenmesine \u00f6nemli bir katk\u0131 sa\u011fl\u0131yor.<br>D\u00fcnyan\u0131n D\u00f6rt Bir Yan\u0131nda Bar\u0131\u015f Odakl\u0131 S\u00f6yle\u015fi, Seminer ve Bulu\u015fmalar<br>Manaf, farkl\u0131 \u00fclkeleri kapsayan ziyaretleri kapsam\u0131nda bar\u0131\u015f temal\u0131 s\u00f6yle\u015filer, seminerler ve toplant\u0131larda geni\u015f kitlelerle bir araya geliyor. Bu etkinliklerde kat\u0131l\u0131mc\u0131lara, i\u00e7sel bar\u0131\u015ftan k\u00fcresel bar\u0131\u015fa uzanan s\u00fcrecin \u00f6nemini ve uygulanabilir ad\u0131mlar\u0131n\u0131 aktar\u0131yor.<br>Ulusal ve Uluslararas\u0131 Medyada Bar\u0131\u015f Mesajlar\u0131<br>Manaf, ziyaret etti\u011fi \u00fclkelerde \u00e7e\u015fitli bas\u0131n kurulu\u015flar\u0131na verdi\u011fi k\u00fcresel bar\u0131\u015f odakl\u0131 a\u00e7\u0131klamalarla dikkat \u00e7ekiyor. Bu deme\u00e7ler, d\u00fcnya genelinde bar\u0131\u015f bilincinin yay\u0131lmas\u0131na katk\u0131 sunan \u00f6nemli giri\u015fimler olarak belirginlik kazan\u0131yor.<br>D\u00fcnyaca \u00fcnl\u00fc yazar\u0131n, kal\u0131c\u0131 k\u00fcresel bar\u0131\u015f\u0131n in\u015fas\u0131na y\u00f6nelik \u00e7al\u0131\u015fmalar\u0131 \u00f6n\u00fcm\u00fczdeki d\u00f6nemde de aral\u0131ks\u0131z devam edecek. Edinilen bilgilere g\u00f6re Akif Manaf, Bar\u0131\u015f Psikolojisi kitab\u0131n\u0131n yay\u0131mland\u0131\u011f\u0131 yeni \u00fclkeler ba\u015fta olmak \u00fczere d\u00fcnyan\u0131n \u00e7e\u015fitli b\u00f6lgelerini ziyaret etmeyi, okurlar ve bar\u0131\u015fseverlerle bulu\u015fmay\u0131 s\u00fcrd\u00fcrecek.<\/p>\n","protected":false},"excerpt":{"rendered":"<p>Akif Manaf \u201cBar\u0131\u015f ve \u0130nsan Haklar\u0131 \u00d6d\u00fcl\u00fc\u201d ile Onurland\u0131r\u0131ld\u0131 International Peace Prize \u00f6d\u00fcll\u00fc, Nobel Bar\u0131\u015f \u00d6d\u00fcl\u00fc aday\u0131 ve bar\u0131\u015f aktivisti, d\u00fcnyaca \u00fcnl\u00fc yazar Akif Manaf, d\u00fcnya bar\u0131\u015f\u0131na y\u00f6nelik \u00f6nemli katk\u0131lar\u0131 ve bu y\u00f6ndeki gayretleri nedeniyle T\u00fcrkmeneli \u0130nsan Haklar\u0131 Derne\u011fi taraf\u0131ndan \u201cBar\u0131\u015f ve \u0130nsan Haklar\u0131\u201d \u00d6d\u00fcl\u00fc\u2019ne lay\u0131k g\u00f6r\u00fcld\u00fc. \u00d6d\u00fcl, T\u00fcrkmeneli \u0130nsan Haklar\u0131 Derne\u011fi Ba\u015fkan\u0131 Say\u0131n Sava\u015f [&hellip;]<\/p>\n","protected":false},"author":1,"featured_media":3903,"comment_status":"open","ping_status":"open","sticky":false,"template":"","format":"standard","meta":{"footnotes":""},"categories":[66],"tags":[],"class_list":["post-3895","post","type-post","status-publish","format-standard","has-post-thumbnail","hentry","category-gundem"],"_links":{"self":[{"href":"https:\/\/www.arhavim.net\/arhavim\/wp-json\/wp\/v2\/posts\/3895","targetHints":{"allow":["GET"]}}],"collection":[{"href":"https:\/\/www.arhavim.net\/arhavim\/wp-json\/wp\/v2\/posts"}],"about":[{"href":"https:\/\/www.arhavim.net\/arhavim\/wp-json\/wp\/v2\/types\/post"}],"author":[{"embeddable":true,"href":"https:\/\/www.arhavim.net\/arhavim\/wp-json\/wp\/v2\/users\/1"}],"replies":[{"embeddable":true,"href":"https:\/\/www.arhavim.net\/arhavim\/wp-json\/wp\/v2\/comments?post=3895"}],"version-history":[{"count":2,"href":"https:\/\/www.arhavim.net\/arhavim\/wp-json\/wp\/v2\/posts\/3895\/revisions"}],"predecessor-version":[{"id":3904,"href":"https:\/\/www.arhavim.net\/arhavim\/wp-json\/wp\/v2\/posts\/3895\/revisions\/3904"}],"wp:featuredmedia":[{"embeddable":true,"href":"https:\/\/www.arhavim.net\/arhavim\/wp-json\/wp\/v2\/media\/3903"}],"wp:attachment":[{"href":"https:\/\/www.arhavim.net\/arhavim\/wp-json\/wp\/v2\/media?parent=3895"}],"wp:term":[{"taxonomy":"category","embeddable":true,"href":"https:\/\/www.arhavim.net\/arhavim\/wp-json\/wp\/v2\/categories?post=3895"},{"taxonomy":"post_tag","embeddable":true,"href":"https:\/\/www.arhavim.net\/arhavim\/wp-json\/wp\/v2\/tags?post=3895"}],"curies":[{"name":"wp","href":"https:\/\/api.w.org\/{rel}","templated":true}]}}